{"id":109,"date":"2009-11-04T11:32:25","date_gmt":"2009-11-04T09:32:25","guid":{"rendered":"http:\/\/www.richardconsulting.ro\/blog\/?p=109"},"modified":"2009-11-28T23:38:38","modified_gmt":"2009-11-28T21:38:38","slug":"avem-climatizare-ce-facem-cu-ea","status":"publish","type":"post","link":"https:\/\/richardconsulting.ro\/blog\/2009\/11\/avem-climatizare-ce-facem-cu-ea\/","title":{"rendered":"Avem climatizare. Ce facem cu ea?"},"content":{"rendered":"<p>\u00cen ultimii dou\u0103zeci de ani \u0163ara noastr\u0103 a cunoscut o revolu\u0163ie a amenaj\u0103rii locuin\u0163elor. Noile tehnologii au fost adoptate cu frenezie, to\u0163i ne-am montat termopane, centrale termice, chiar \u015fi la bloc, aparate de aer condi\u0163ionat. Cei mai cu dare de m\u00e2n\u0103 avem termostate \u00eemp\u00e2nzite prin cas\u0103 sau chiar sisteme automatizate. \u00cen final ne g\u0103sim a\u015feza\u0163i \u00een fa\u0163a unui ecran complex cu tot felul de comenzi \u015fi ne sim\u0163im ca ni\u015fte zei cu putere absolut\u0103 asupra locuin\u0163ei noastre.<\/p>\n<p>Dar ce s\u0103 facem cu toate aceste lucruri? La ce ne folosesc ele?<\/p>\n<p>Am putea argumenta c\u0103 vrem s\u0103 facem economie de energie. Corect, iar asta ne va ajuta s\u0103 recuper\u0103m din costul investi\u0163iei. Totu\u015fi economia de energie nu poate reprezenta scopul principal, c\u0103ci dac\u0103 doar acesta ar fi scopul ar fi mult mai simplu s\u0103 ne mut\u0103m \u00eentr-un spa\u0163iu mai mic.<\/p>\n<p>Prin urmare reiter\u0103m \u015fi stabilim c\u0103 scopul principal este s\u0103 ne asigur\u0103m un comfort sporit. Excelent, totul func\u0163ioneaz\u0103 perfect iar via\u0163a noastr\u0103 este mult u\u015furat\u0103, parc\u0103 nici nu mai sim\u0163im nevoile locuin\u0163ei \u015fi putem s\u0103 ne concentr\u0103m aproape exclusiv asupra nevoilor umane.<\/p>\n<p>Dar \u015ftim noi care sunt cu adev\u0103rat nevoile umane? Eu am locuit \u015fi am v\u0103zut foarte mul\u0163i prieteni care s-au obi\u015fnuit s\u0103 locuiasc\u0103 la temperaturi de peste 27 grade Celsius chiar \u015fi \u00een toiul iernii. Orice valoare sub 25 de grade pare s\u0103 fie nepl\u0103cut\u0103 \u015fi catalogat\u0103 drept disconfort. Pentru c\u0103 \u00eenainte nu aveam prea mult control asupra instala\u0163iei de \u00eenc\u0103lzire temperaturile acestea <em>extreme <\/em>erau men\u0163inute constant, zi \u015fi noapte, singurele \u00eengrijor\u0103ri fiind s\u0103 nu cedeze \u00een vreun fel sursa de energie, s\u0103 nu ne taie ru\u015fii gazul \u015fi a\u015fa mai departe.<\/p>\n<p>Ei bine, \u00een momentul c\u00e2nd vrem s\u0103 program\u0103m instala\u0163ia de automatizare a climatiz\u0103rii pentru prima dat\u0103 avem un \u015foc: toate aparatele vin presetate cu temperatura de confort la valoarea de 21 de grade Celsius. Ce? 21? Probabil c\u0103 este timpul s\u0103 cercet\u0103m despre ce este vorba.<\/p>\n<p>C\u00e2nd \u00eencepem s\u0103 fim aten\u0163i la aceste lucruri remarc\u0103m de fiecare dat\u0103 corela\u0163ii foarte interesante \u00eentre starea de s\u0103n\u0103tate a oamenilor \u015fi condi\u0163iile \u00een care ei tr\u0103iesc. S\u0103 lu\u0103m drept exemplu perioada de iarn\u0103 pentru ca iarna tocmai ne st\u0103 \u00een prag.<\/p>\n<p>Am urm\u0103rit mul\u0163i oameni care locuiesc \u00eentr-o clim\u0103 temperat\u0103, asem\u0103n\u0103toare cu a noastr\u0103. De asemenea \u00eemi amintesc \u015fi condi\u0163iile de via\u0163\u0103 din at\u00e2t de blamata <em>epoc\u0103 de aur<\/em> \u00een care dormeam p\u00e2n\u0103 \u015fi cu capul sub plapum\u0103 iar diminea\u0163a c\u00e2nd \u00eel scoteam afar\u0103 puteam s\u0103 expir un fuior de abur \u00een r\u0103coarea camerei. La chinezi spre exemplu am v\u0103zut oameni cu stare care \u015fi-ar fi permis condi\u0163ii mult mai comfortabile \u00een vila lor, care tr\u0103iau iarna cu ni\u015fte geamuri prin care \u015fuiera v\u00e2ntul, erau \u00eembr\u0103ca\u0163i cu c\u0103m\u0103\u015fi de corp \u015fi izmene \u015fi care plesenau de s\u0103n\u0103tate. Dup\u0103 trei zile de tremurat \u00een cas\u0103 \u015fi \u00een hotel am urcat \u015fi muntele s\u0103 \u00eent\u00e2lnim un c\u0103lug\u0103r budist de 100 de ani care era \u00eembr\u0103cat numai \u00een haina monahal\u0103 \u015fi nu avea nici o problem\u0103 cu temperatura. Ce se petrece? Ne-am defectat?<\/p>\n<figure style=\"width: 480px\" class=\"wp-caption aligncenter\"><img loading=\"lazy\" decoding=\"async\" title=\"Case-in-Korea-Andong\" src=\"http:\/\/richardconsulting.ro\/blog\/wp-content\/uploads\/2009\/11\/Case-in-Korea_Andong.jpg\" alt=\"Case-in-Korea-Andong\" width=\"480\" height=\"320\" \/><figcaption class=\"wp-caption-text\">Case iarna \u00een localitatea Andong, Korea<\/figcaption><\/figure>\n<p>Se pare c\u0103 da. Am uitat \u00eenv\u0103\u0163\u0103turile bunicilor care pretindeau c\u0103 trebuie s\u0103 ne c\u0103lim. Am locuit numai la 27 de grade iarna \u015fi 36 de grade vara. Nu ne mai plimb\u0103m c\u00e2t este necesar de mult prin parcuri. Am devenit precum africanii sau arabii de la tropice care nu ne suport\u0103 prea u\u015for iernile atunci c\u00e2nd ne viziteaz\u0103. Probabil la fel cum nu ne-ar place nou\u0103 s\u0103 mergem \u00een vizit\u0103 la eschimo\u015fi&#8230; \u015ei se pare c\u0103 treaba asta nu este prea s\u0103n\u0103toas\u0103 pentru un trai corect \u00een clima noastr\u0103. Prea multe \u015focuri termice \u00eentre \u00een cas\u0103 \u015fi afar\u0103, \u00eentre \u00een ma\u015fin\u0103 \u015fi afar\u0103, \u00eentre \u00een birou \u015fi afar\u0103 nu au cum s\u0103 ne fac\u0103 prea bine. Ajungem imediat la cheremul gripei. Situa\u0163ia asta cere o ac\u0163iune corectiv\u0103, imediat\u0103!<\/p>\n<p>Ei bine, exist\u0103 studii medicale care arat\u0103 c\u0103 regimul termic corect al \u00eenc\u0103perilor \u00een care lucr\u0103m, ne odihnim sau dormim trebuie s\u0103 varieze. Iarna este corect s\u0103 men\u0163inem o temperatur\u0103 mai mic\u0103 \u015fi s\u0103 purt\u0103m mai multe haine sau s\u0103 ne \u00eenvelim cu o plapum\u0103 mai groas\u0103. Totul are leg\u0103tur\u0103 cu abilitatea corpului de a men\u0163ine o anumit\u0103 temperatur\u0103 intern\u0103.<\/p>\n<p>Pentru starea activ\u0103 se pare c\u0103 temperatura \u00eentre 19 \u015fi 21 de grade Celsius este cea mai potrivit\u0103. Pentru somn, c\u00e2nd temperatura corpului scade, o camer\u0103 \u00eenc\u0103lzit\u0103 \u00eentre 16 \u015fi 19 grade este perfect\u0103 dar trebuie s\u0103 folosim \u015fi plapuma corespunz\u0103toare. Peste zi nu uita\u0163i de activit\u0103\u0163ile fizice, metabolismul trebuie impulsionat! Iat\u0103 o re\u0163et\u0103 simpl\u0103 pentru a ne c\u0103li. \u015ei la o adic\u0103 pentru a ne m\u0103ri \u015fansele de supravie\u0163uire.<\/p>\n<p>Prin urmare, dac\u0103 tot folosim un sistem de automatizare, care ne permite s\u0103 uit\u0103m de grija reglajelor zilnice ale temperaturii \u00eenainte de culcare sau dup\u0103 trezire, e bine s\u0103 ne propunem un program de c\u0103lire. Desigur, nu s\u0103ri\u0163i din prima la 21 de grade, 23 este excelent atunci c\u00e2nd cobor\u00e2m de la 27! Dar \u00een 2-3 ani tranzi\u0163ia ar trebui s\u0103 fie complet\u0103 iar noi s\u0103 ne bucur\u0103m de o s\u0103n\u0103tate mai bun\u0103.<\/p>\n","protected":false},"excerpt":{"rendered":"<p>\u00cen ultimii dou\u0103zeci de ani \u0163ara noastr\u0103 a cunoscut o revolu\u0163ie a amenaj\u0103rii locuin\u0163elor. Noile tehnologii au fost adoptate cu frenezie, to\u0163i ne-am montat termopane, centrale termice, chiar \u015fi la bloc, aparate de aer condi\u0163ionat. Cei mai cu dare de m\u00e2n\u0103 avem termostate \u00eemp\u00e2nzite prin cas\u0103 sau chiar sisteme automatizate. \u00cen final ne g\u0103sim a\u015feza\u0163i \u00een fa\u0163a unui ecran complex cu tot felul de comenzi \u015fi ne sim\u0163im ca ni\u015fte zei cu putere absolut\u0103 asupra locuin\u0163ei noastre.<\/p>\n","protected":false},"author":2,"featured_media":0,"comment_status":"open","ping_status":"closed","sticky":false,"template":"","format":"standard","meta":{"footnotes":""},"categories":[3],"tags":[16,17,18],"class_list":["post-109","post","type-post","status-publish","format-standard","hentry","category-home-automation","tag-climatizare","tag-iarna","tag-sanatate"],"_links":{"self":[{"href":"https:\/\/richardconsulting.ro\/blog\/wp-json\/wp\/v2\/posts\/109","targetHints":{"allow":["GET"]}}],"collection":[{"href":"https:\/\/richardconsulting.ro\/blog\/wp-json\/wp\/v2\/posts"}],"about":[{"href":"https:\/\/richardconsulting.ro\/blog\/wp-json\/wp\/v2\/types\/post"}],"author":[{"embeddable":true,"href":"https:\/\/richardconsulting.ro\/blog\/wp-json\/wp\/v2\/users\/2"}],"replies":[{"embeddable":true,"href":"https:\/\/richardconsulting.ro\/blog\/wp-json\/wp\/v2\/comments?post=109"}],"version-history":[{"count":0,"href":"https:\/\/richardconsulting.ro\/blog\/wp-json\/wp\/v2\/posts\/109\/revisions"}],"wp:attachment":[{"href":"https:\/\/richardconsulting.ro\/blog\/wp-json\/wp\/v2\/media?parent=109"}],"wp:term":[{"taxonomy":"category","embeddable":true,"href":"https:\/\/richardconsulting.ro\/blog\/wp-json\/wp\/v2\/categories?post=109"},{"taxonomy":"post_tag","embeddable":true,"href":"https:\/\/richardconsulting.ro\/blog\/wp-json\/wp\/v2\/tags?post=109"}],"curies":[{"name":"wp","href":"https:\/\/api.w.org\/{rel}","templated":true}]}}