{"id":451,"date":"2009-11-30T16:03:29","date_gmt":"2009-11-30T14:03:29","guid":{"rendered":"http:\/\/www.richardconsulting.ro\/blog\/?p=451"},"modified":"2009-12-01T12:08:27","modified_gmt":"2009-12-01T10:08:27","slug":"tamplarie-usi-si-ferestre","status":"publish","type":"post","link":"https:\/\/richardconsulting.ro\/blog\/2009\/11\/tamplarie-usi-si-ferestre\/","title":{"rendered":"T\u00e2mpl\u0103rie u\u015fi \u015fi ferestre"},"content":{"rendered":"<div>\n<p><em>articol preluat par\u0163ial de la <a title=\"Furnizor t\u00e2mpl\u0103rie\" href=\"http:\/\/civa.ro\">www.civa.ro<\/a><\/em><\/p>\n<p><em>O \u00eentrebare logic\u0103 pe care \u015fi-ar pune-o oricine este \u00een cautarea de u\u015fi sau ferestre: de ce a\u015f alege t\u00e2mpl\u0103ria din <span>PVC<\/span> \u015fi de ce Salamander?<\/em><\/p>\n<p><em> <\/em><\/p>\n<figure id=\"attachment_454\" aria-describedby=\"caption-attachment-454\" style=\"width: 224px\" class=\"wp-caption alignleft\"><em> <\/em><em><a href=\"http:\/\/richardconsulting.ro\/blog\/wp-content\/uploads\/2009\/11\/salamander-links.jpg\"><img loading=\"lazy\" decoding=\"async\" class=\"size-full wp-image-454\" title=\"salamander\" src=\"http:\/\/richardconsulting.ro\/blog\/wp-content\/uploads\/2009\/11\/salamander-links.jpg\" alt=\"T\u00e2mpl\u0103rie Salamander\" width=\"224\" height=\"324\" \/><\/a><\/em><figcaption id=\"caption-attachment-454\" class=\"wp-caption-text\">T\u00e2mpl\u0103rie Salamander<\/figcaption><\/figure>\n<p><em>T\u00e2mpl\u0103ria <span>PVC<\/span> este, la momen\u00adtul actual, cel mai indicat pro\u00addus pen\u00adtru con\u00adstruc\u0163ii cu des\u00adti\u00adna\u0163ia de locu\u00adin\u0163\u0103. Prin com\u00adpara\u0163ie cu pro\u00addu\u00adsele confec\u0163io\u00adnate din lemn sau alu\u00admi\u00adniu, PVC-ul armat cu o\u0163el zincat ofer\u0103 cea mai bun\u0103 izolare ter\u00admic\u0103, cu coeficien\u0163i cuprin\u015fi \u00een interva\u00adlul 1 \u2026 1,4\u00a0W\/mpK. \u00cen plus, profi\u00adlele din <span>PVC<\/span> au forme exte\u00adrioare foarte pl\u0103cute ca design, sunt dispo\u00adnibile \u00eentr-o larg\u0103 gam\u0103 de culori (nuan\u0163e <span>RAL<\/span> \u015fi imita\u0163ii de lemn), iar structura inte\u00adrioar\u0103, de tip multi-camer\u0103, este opti\u00admizat\u0103 pen\u00adtru protec\u0163ie ter\u00admic\u0103 \u015fi evacuare a\u00a0apei colectate.<\/em><\/p>\n<p><em>Avantajul profi\u00adlu\u00adlui Sala\u00admander, \u00een cadrul pro\u00addu\u00adselor similare de pe pia\u0163\u0103, vine \u00een pri\u00admul r\u00e2nd din fap\u00adtul c\u0103 orice pro\u00addus etichetat Sala\u00admander este fabricat integral \u00een Ger\u00adma\u00adnia. Seri\u00adile de profile pe care le comercializ\u0103m sunt exact acelea\u015fi care se v\u00e2nd pe pia\u0163a vest european\u0103. Aceasta \u00eenseamn\u0103 c\u0103 profi\u00adlul Sala\u00admander nu este o\u00a0serie eco\u00adno\u00admic\u0103, fabricat\u0103 pen\u00adtru Europa de Est, cu compozi\u0163ie slab calitativ\u0103 a\u00a0plasti\u00adcu\u00adlui, cu gro\u00adsime redus\u0103 a\u00a0pere\u0163i\u00adlor desp\u0103r\u0163i\u00adtori \u015fi cu arm\u0103turi neco\u00adrespunz\u0103toare. Din p\u0103cate, acestea sunt atribu\u00adtele majo\u00adrit\u0103\u0163ii pro\u00addu\u00adselor care se v\u00e2nd \u00een acest moment \u00een Rom\u00e2nia.<\/em><\/p>\n<p>\u00cen plus fa\u0163\u0103 de cele men\u0163ionate mai sus de firma care ne-a furnizat nou\u0103 t\u00e2mpl\u0103ria, a\u015f mai preciza faptul c\u0103 ea poate fi comandat\u0103 direct cu obloanele exterioare instalate. \u00cen cazul nostru acest lucru nu a fost luat \u00een considerare de la bun \u00eenceput \u015fi prin urmare a trebuit s\u0103 renun\u0163\u0103m la 12cm din suprafa\u0163a geamului care a fost acoperit \u00een partea de sus de un sistem de obloane instalat ulterior.<\/p>\n<h3>Idei de automatizare<\/h3>\n<p>\u00cen primul r\u00e2nd recomand\u0103m automatizarea obloanelor. Comanda se poate face manual, prin internet, folosind un temporizator universal care calculeaz\u0103 orele de r\u0103s\u0103rit \u015fi apus sau folosind semnale de luminozitate de la o sta\u0163ie meteo sau de la senzori de luminozitate din \u00eenc\u0103peri.<\/p>\n<p>O a doua posibilitate de automatizare const\u0103 \u00een instalarea de senzori magnetici de contact pentru \u00eenchiderea \u015fi deschiderea u\u015filor \u015fi ferestrelor precum \u015fi instalarea senzorilor de geam spart. Ace\u015ftia din urm\u0103 pot veni \u00een variante pentru fiecare geam \u015fi care se monteaz\u0103 prin lipire sau pentru c\u00e2te o \u00eenc\u0103pere \u00eentreag\u0103, ce sunt de natur\u0103 acustic\u0103 \u015fi care pot monitoriza mai multe geamuri simultan. Ace\u015fti senzori vor funiza semnale pentru instala\u0163ia de climatizare, pentru sistemul de securitate \u015fi chiar pentru utilizatorii care trebuie s\u0103 verifice toate u\u015file \u015fi toate ferestrele \u00eenainte de a pleca din cl\u0103dire &#8211; ac\u0163iune ce se poate realiza consult\u00e2nd o simpl\u0103 pagin\u0103 de intranet.<\/p>\n<figure id=\"attachment_457\" aria-describedby=\"caption-attachment-457\" style=\"width: 420px\" class=\"wp-caption aligncenter\"><a href=\"http:\/\/richardconsulting.ro\/blog\/wp-content\/uploads\/2009\/11\/Lista_probleme.JPG\"><img loading=\"lazy\" decoding=\"async\" class=\"size-medium wp-image-457\" title=\"Lista probleme\" src=\"http:\/\/richardconsulting.ro\/blog\/wp-content\/uploads\/2009\/11\/Lista_probleme-420x202.jpg\" alt=\"Listarea problemelor \u00eenainte de p\u0103r\u0103sirea cl\u0103dirii\" width=\"420\" height=\"202\" srcset=\"https:\/\/richardconsulting.ro\/blog\/wp-content\/uploads\/2009\/11\/Lista_probleme-420x202.jpg 420w, https:\/\/richardconsulting.ro\/blog\/wp-content\/uploads\/2009\/11\/Lista_probleme.JPG 725w\" sizes=\"auto, (max-width: 420px) 100vw, 420px\" \/><\/a><figcaption id=\"caption-attachment-457\" class=\"wp-caption-text\">Listarea problemelor \u00eenainte de p\u0103r\u0103sirea cl\u0103dirii<\/figcaption><\/figure>\n<figure id=\"attachment_458\" aria-describedby=\"caption-attachment-458\" style=\"width: 419px\" class=\"wp-caption aligncenter\"><a href=\"http:\/\/richardconsulting.ro\/blog\/wp-content\/uploads\/2009\/11\/usa_deschisa.JPG\"><img loading=\"lazy\" decoding=\"async\" class=\"size-medium wp-image-458\" title=\"Usa deschisa\" src=\"http:\/\/richardconsulting.ro\/blog\/wp-content\/uploads\/2009\/11\/usa_deschisa-419x175.jpg\" alt=\"Detaliu problem\u0103 - o u\u015f\u0103 este deschis\u0103\" width=\"419\" height=\"175\" srcset=\"https:\/\/richardconsulting.ro\/blog\/wp-content\/uploads\/2009\/11\/usa_deschisa-419x175.jpg 419w, https:\/\/richardconsulting.ro\/blog\/wp-content\/uploads\/2009\/11\/usa_deschisa.JPG 728w\" sizes=\"auto, (max-width: 419px) 100vw, 419px\" \/><\/a><figcaption id=\"caption-attachment-458\" class=\"wp-caption-text\">Detaliu problem\u0103 - o u\u015f\u0103 este deschis\u0103<\/figcaption><\/figure>\n<\/div>\n","protected":false},"excerpt":{"rendered":"<p>T\u00e2mpl\u0103ria PVC este, la momen\u00adtul actual, cel mai indicat pro\u00addus pen\u00adtru con\u00adstruc\u0163ii cu des\u00adti\u00adna\u0163ia de locu\u00adin\u0163\u0103. Prin com\u00adpara\u0163ie cu pro\u00addu\u00adsele confec\u0163io\u00adnate din lemn sau alu\u00admi\u00adniu, PVC-ul armat cu o\u0163el zincat ofer\u0103 cea mai bun\u0103 izolare ter\u00admic\u0103, cu coeficien\u0163i cuprin\u015fi \u00een interva\u00adlul 1 \u2026 1,4 W\/mpK.<\/p>\n","protected":false},"author":2,"featured_media":0,"comment_status":"open","ping_status":"closed","sticky":false,"template":"","format":"standard","meta":{"footnotes":""},"categories":[36],"tags":[38,74],"class_list":["post-451","post","type-post","status-publish","format-standard","hentry","category-contruiesc-casa","tag-casa","tag-tamplarie"],"_links":{"self":[{"href":"https:\/\/richardconsulting.ro\/blog\/wp-json\/wp\/v2\/posts\/451","targetHints":{"allow":["GET"]}}],"collection":[{"href":"https:\/\/richardconsulting.ro\/blog\/wp-json\/wp\/v2\/posts"}],"about":[{"href":"https:\/\/richardconsulting.ro\/blog\/wp-json\/wp\/v2\/types\/post"}],"author":[{"embeddable":true,"href":"https:\/\/richardconsulting.ro\/blog\/wp-json\/wp\/v2\/users\/2"}],"replies":[{"embeddable":true,"href":"https:\/\/richardconsulting.ro\/blog\/wp-json\/wp\/v2\/comments?post=451"}],"version-history":[{"count":0,"href":"https:\/\/richardconsulting.ro\/blog\/wp-json\/wp\/v2\/posts\/451\/revisions"}],"wp:attachment":[{"href":"https:\/\/richardconsulting.ro\/blog\/wp-json\/wp\/v2\/media?parent=451"}],"wp:term":[{"taxonomy":"category","embeddable":true,"href":"https:\/\/richardconsulting.ro\/blog\/wp-json\/wp\/v2\/categories?post=451"},{"taxonomy":"post_tag","embeddable":true,"href":"https:\/\/richardconsulting.ro\/blog\/wp-json\/wp\/v2\/tags?post=451"}],"curies":[{"name":"wp","href":"https:\/\/api.w.org\/{rel}","templated":true}]}}